{"id":558,"date":"2025-06-22T16:02:31","date_gmt":"2025-06-22T16:02:31","guid":{"rendered":"https:\/\/alec36.fr\/?p=558"},"modified":"2025-08-19T16:07:58","modified_gmt":"2025-08-19T16:07:58","slug":"les-10-ans-dalec36","status":"publish","type":"post","link":"https:\/\/alec36.fr\/?p=558","title":{"rendered":"Les 10 ans d&rsquo;Alec36"},"content":{"rendered":"\n<figure class=\"wp-block-image size-full\"><a href=\"https:\/\/i0.wp.com\/alec36.fr\/wp-content\/uploads\/2025\/08\/2025-20-06-les-10-ans-dALEC.jpg\"><img data-recalc-dims=\"1\" loading=\"lazy\" decoding=\"async\" width=\"768\" height=\"431\" data-attachment-id=\"559\" data-permalink=\"https:\/\/alec36.fr\/?attachment_id=559\" data-orig-file=\"https:\/\/i0.wp.com\/alec36.fr\/wp-content\/uploads\/2025\/08\/2025-20-06-les-10-ans-dALEC.jpg?fit=768%2C431&amp;ssl=1\" data-orig-size=\"768,431\" data-comments-opened=\"1\" data-image-meta=\"{&quot;aperture&quot;:&quot;0&quot;,&quot;credit&quot;:&quot;&quot;,&quot;camera&quot;:&quot;&quot;,&quot;caption&quot;:&quot;&quot;,&quot;created_timestamp&quot;:&quot;0&quot;,&quot;copyright&quot;:&quot;&quot;,&quot;focal_length&quot;:&quot;0&quot;,&quot;iso&quot;:&quot;0&quot;,&quot;shutter_speed&quot;:&quot;0&quot;,&quot;title&quot;:&quot;&quot;,&quot;orientation&quot;:&quot;0&quot;}\" data-image-title=\"2025 20 06 les 10 ans d&amp;rsquo;ALEC\" data-image-description=\"\" data-image-caption=\"\" data-medium-file=\"https:\/\/i0.wp.com\/alec36.fr\/wp-content\/uploads\/2025\/08\/2025-20-06-les-10-ans-dALEC.jpg?fit=300%2C168&amp;ssl=1\" data-large-file=\"https:\/\/i0.wp.com\/alec36.fr\/wp-content\/uploads\/2025\/08\/2025-20-06-les-10-ans-dALEC.jpg?fit=768%2C431&amp;ssl=1\" tabindex=\"0\" role=\"button\" src=\"https:\/\/i0.wp.com\/alec36.fr\/wp-content\/uploads\/2025\/08\/2025-20-06-les-10-ans-dALEC.jpg?resize=768%2C431\" alt=\"\" class=\"wp-image-559\" srcset=\"https:\/\/i0.wp.com\/alec36.fr\/wp-content\/uploads\/2025\/08\/2025-20-06-les-10-ans-dALEC.jpg?w=768&amp;ssl=1 768w, https:\/\/i0.wp.com\/alec36.fr\/wp-content\/uploads\/2025\/08\/2025-20-06-les-10-ans-dALEC.jpg?resize=300%2C168&amp;ssl=1 300w\" sizes=\"auto, (max-width: 768px) 100vw, 768px\" \/><\/a><\/figure>\n\n\n\n<p>L&rsquo;association a f\u00eat\u00e9 ses 10 ans <strong>vendredi 20juin 2025<\/strong> dans les locaux du Petit Mur, pr\u00eat\u00e9 g\u00e9n\u00e9reusement par leur association.<\/p>\n\n\n\n<p>Fond\u00e9e en mars 2015, avec l&rsquo;aide du CRIA 36 de Ch\u00e2teauroux par Catherine Carr\u00e9 et Antoine Bloise, install\u00e9e dans les locaux de l&rsquo;ancienne MJCS de la Chatre, elle a \u00e9t\u00e9 tr\u00e8s bien accueillie localement .<\/p>\n\n\n\n<p>De nombreux partenariats ont vu le jour: Greta, Espace Social de Proximit\u00e9, Mission Locale, Foyer des Jeunes Travailleurs, ESAT, Forepabe, les Jardins de l&rsquo;Esperseverance.<\/p>\n\n\n\n<p>30 apprenants sont accompagn\u00e9s cette ann\u00e9e par 12 b\u00e9n\u00e9voles. L&rsquo;association s&rsquo;attache \u00e0 l&rsquo;individualisation des parcours, le parcours de chacun est sur mesure, \u00e0 partir des besoins et en fonction de leur rythme, chaque personne en difficult\u00e9 d&rsquo;apprentissage dans l&rsquo;apprentissage des savoirs de base que sont la lecture, l&rsquo;\u00e9criture et le calcul doit se sentir en confiance et nous les aidons \u00e0 reprendre confiance en eux. De m\u00eame, les non Francophones passent six mois \u00e0 travailler uniquement l&rsquo;oral pour apprendre d\u00e9j\u00e0 \u00e0 communiquer. <\/p>\n\n\n\n<p>Prochaine \u00e9tape: participer aux Journ\u00e9es Nationales de lutte contre l&rsquo;Illettrisme,<strong> le 11 septembre prochain <\/strong>\u00e0 <strong>Nohant<\/strong> sur les pas de Gorges Sand avec l&rsquo;aide de l&rsquo; AF-CRIA de Ch\u00e2teauroux  et de la Chaine des Savoirs.<\/p>\n\n\n\n<p><\/p>\n\n\n\n<p><\/p>\n\n\n\n<p><\/p>\n\n\n\n<p><\/p>\n\n\n\n<p><\/p>\n","protected":false},"excerpt":{"rendered":"<p>L&rsquo;association a f\u00eat\u00e9 ses 10 ans vendredi 20juin 2025 dans les locaux du Petit Mur, pr\u00eat\u00e9 g\u00e9n\u00e9reusement par leur association. Fond\u00e9e en mars 2015, avec l&rsquo;aide du CRIA 36 de Ch\u00e2teauroux par Catherine Carr\u00e9 et Antoine Bloise, install\u00e9e dans les locaux de l&rsquo;ancienne MJCS de la Chatre, elle a \u00e9t\u00e9 tr\u00e8s bien accueillie localement . [&hellip;]<\/p>\n","protected":false},"author":1,"featured_media":0,"comment_status":"open","ping_status":"open","sticky":false,"template":"","format":"standard","meta":{"_exactmetrics_skip_tracking":false,"_exactmetrics_sitenote_active":false,"_exactmetrics_sitenote_note":"","_exactmetrics_sitenote_category":0,"advanced_seo_description":"","jetpack_seo_html_title":"","jetpack_seo_noindex":false,"jetpack_post_was_ever_published":false,"_jetpack_newsletter_access":"","_jetpack_dont_email_post_to_subs":false,"_jetpack_newsletter_tier_id":0,"_jetpack_memberships_contains_paywalled_content":false,"_jetpack_memberships_contains_paid_content":false,"footnotes":"","jetpack_publicize_message":"","jetpack_publicize_feature_enabled":true,"jetpack_social_post_already_shared":true,"jetpack_social_options":{"image_generator_settings":{"template":"highway","enabled":false},"version":2}},"categories":[1],"tags":[],"class_list":["post-558","post","type-post","status-publish","format-standard","hentry","category-non-classe"],"jetpack_publicize_connections":[],"jetpack_featured_media_url":"","jetpack_sharing_enabled":true,"jetpack_shortlink":"https:\/\/wp.me\/p99Uil-90","jetpack_likes_enabled":true,"jetpack-related-posts":[],"_links":{"self":[{"href":"https:\/\/alec36.fr\/index.php?rest_route=\/wp\/v2\/posts\/558","targetHints":{"allow":["GET"]}}],"collection":[{"href":"https:\/\/alec36.fr\/index.php?rest_route=\/wp\/v2\/posts"}],"about":[{"href":"https:\/\/alec36.fr\/index.php?rest_route=\/wp\/v2\/types\/post"}],"author":[{"embeddable":true,"href":"https:\/\/alec36.fr\/index.php?rest_route=\/wp\/v2\/users\/1"}],"replies":[{"embeddable":true,"href":"https:\/\/alec36.fr\/index.php?rest_route=%2Fwp%2Fv2%2Fcomments&post=558"}],"version-history":[{"count":2,"href":"https:\/\/alec36.fr\/index.php?rest_route=\/wp\/v2\/posts\/558\/revisions"}],"predecessor-version":[{"id":561,"href":"https:\/\/alec36.fr\/index.php?rest_route=\/wp\/v2\/posts\/558\/revisions\/561"}],"wp:attachment":[{"href":"https:\/\/alec36.fr\/index.php?rest_route=%2Fwp%2Fv2%2Fmedia&parent=558"}],"wp:term":[{"taxonomy":"category","embeddable":true,"href":"https:\/\/alec36.fr\/index.php?rest_route=%2Fwp%2Fv2%2Fcategories&post=558"},{"taxonomy":"post_tag","embeddable":true,"href":"https:\/\/alec36.fr\/index.php?rest_route=%2Fwp%2Fv2%2Ftags&post=558"}],"curies":[{"name":"wp","href":"https:\/\/api.w.org\/{rel}","templated":true}]}}