{"id":550,"date":"2025-04-01T16:53:06","date_gmt":"2025-04-01T16:53:06","guid":{"rendered":"https:\/\/alec36.fr\/?p=550"},"modified":"2025-08-19T14:58:35","modified_gmt":"2025-08-19T14:58:35","slug":"tvbs-2025-un-forum-pour-dynamiser-lemploi-et-la-vie-dans-le-boischaut-sud","status":"publish","type":"post","link":"https:\/\/alec36.fr\/?p=550","title":{"rendered":"TVBS 2025, un forum pour dynamiser l&#8217;emploi et la vie dans le Boischaut-Sud"},"content":{"rendered":"\n<p> Trouver un emploi, cr\u00e9er son activit\u00e9, se former ou simplement mieux vivre au quotidien : autant d&rsquo;enjeux abord\u00e9s lors du Forum TVBS, qui tiendra sa quatri\u00e8me \u00e9dition <strong>mardi 1<sup>er<\/sup>\u00a0avril \u00e0 La Ch\u00e2tre.<\/strong><\/p>\n\n\n\n<p>Depuis 2016, les partenaires de l&rsquo;insertion se r\u00e9unissent r\u00e9guli\u00e8rement pour confronter leurs exp\u00e9riences. De ces \u00e9changes est n\u00e9 le collectif TVBS, \u00e0 l&rsquo;origine du forum travailler et vivre en Boischaut-Sud. Enclav\u00e9, le territoire souffre d&rsquo;un isolement que ses acteurs tentent de compenser par une mise en r\u00e9seau des comp\u00e9tences.\u00a0<\/p>\n\n\n\n<p>Le territoire du Boischaut-Sud, s&rsquo;il offre un cadre de vie appr\u00e9ci\u00e9, est confront\u00e9 \u00e0 des difficult\u00e9s structurelles.&nbsp;<em>\u00ab\u00a0Cr\u00e9er une synergie entre les acteurs est indispensable pour renforcer l&rsquo;attractivit\u00e9 locale\u00a0\u00bb<\/em>, souligne le collectif, qui regroupe, entre autres, le Conseil d\u00e9partemental de l&rsquo;Indre, Cap emploi, la mission locale Indre Sud ou encore le GRETA Berry,&nbsp;Les Jardins de l&rsquo;Espers\u00e9v\u00e9rance, Forepabe, le Foyer de jeunes travailleurs , la R\u00e9sidence Pasteur et notre association ALEC36.<\/p>\n\n\n\n<p>Un atelier r\u00e9serv\u00e9 aux partenaires cl\u00f4turera cette journ\u00e9e. Pr\u00e9vu de 14h \u00e0 16h, il aura pour th\u00e8me :&nbsp;<em>Comment pourrait-on mieux interagir ensemble ?<\/em>&nbsp;Un espace restauration sera \u00e9galement ouvert pour faciliter les \u00e9changes informels.<\/p>\n\n\n\n\n\n<figure class=\"wp-block-image size-large\"><a href=\"http:\/\/alec36.fr\/wp-content\/uploads\/2025\/08\/Affiche_TVBS_2024pdf_a.pdf\"><img data-recalc-dims=\"1\" loading=\"lazy\" decoding=\"async\" width=\"724\" height=\"1024\" src=\"https:\/\/i0.wp.com\/alec36.fr\/wp-content\/uploads\/2025\/08\/Affiche_TVBS_2024pdf_a-pdf.jpg?resize=724%2C1024\" alt=\"\" class=\"wp-image-553\"\/><\/a><\/figure>\n","protected":false},"excerpt":{"rendered":"<p>Trouver un emploi, cr\u00e9er son activit\u00e9, se former ou simplement mieux vivre au quotidien : autant d&rsquo;enjeux abord\u00e9s lors du Forum TVBS, qui tiendra sa quatri\u00e8me \u00e9dition mardi 1er\u00a0avril \u00e0 La Ch\u00e2tre. Depuis 2016, les partenaires de l&rsquo;insertion se r\u00e9unissent r\u00e9guli\u00e8rement pour confronter leurs exp\u00e9riences. De ces \u00e9changes est n\u00e9 le collectif TVBS, \u00e0 l&rsquo;origine [&hellip;]<\/p>\n","protected":false},"author":1,"featured_media":0,"comment_status":"open","ping_status":"open","sticky":false,"template":"","format":"standard","meta":{"_exactmetrics_skip_tracking":false,"_exactmetrics_sitenote_active":false,"_exactmetrics_sitenote_note":"","_exactmetrics_sitenote_category":0,"advanced_seo_description":"","jetpack_seo_html_title":"","jetpack_seo_noindex":false,"jetpack_post_was_ever_published":false,"_jetpack_newsletter_access":"","_jetpack_dont_email_post_to_subs":true,"_jetpack_newsletter_tier_id":0,"_jetpack_memberships_contains_paywalled_content":false,"_jetpack_memberships_contains_paid_content":false,"footnotes":"","jetpack_publicize_message":"","jetpack_publicize_feature_enabled":true,"jetpack_social_post_already_shared":true,"jetpack_social_options":{"image_generator_settings":{"template":"highway","enabled":false},"version":2}},"categories":[1],"tags":[],"class_list":["post-550","post","type-post","status-publish","format-standard","hentry","category-non-classe"],"jetpack_publicize_connections":[],"jetpack_featured_media_url":"","jetpack_sharing_enabled":true,"jetpack_shortlink":"https:\/\/wp.me\/p99Uil-8S","jetpack_likes_enabled":true,"jetpack-related-posts":[],"_links":{"self":[{"href":"https:\/\/alec36.fr\/index.php?rest_route=\/wp\/v2\/posts\/550","targetHints":{"allow":["GET"]}}],"collection":[{"href":"https:\/\/alec36.fr\/index.php?rest_route=\/wp\/v2\/posts"}],"about":[{"href":"https:\/\/alec36.fr\/index.php?rest_route=\/wp\/v2\/types\/post"}],"author":[{"embeddable":true,"href":"https:\/\/alec36.fr\/index.php?rest_route=\/wp\/v2\/users\/1"}],"replies":[{"embeddable":true,"href":"https:\/\/alec36.fr\/index.php?rest_route=%2Fwp%2Fv2%2Fcomments&post=550"}],"version-history":[{"count":4,"href":"https:\/\/alec36.fr\/index.php?rest_route=\/wp\/v2\/posts\/550\/revisions"}],"predecessor-version":[{"id":557,"href":"https:\/\/alec36.fr\/index.php?rest_route=\/wp\/v2\/posts\/550\/revisions\/557"}],"wp:attachment":[{"href":"https:\/\/alec36.fr\/index.php?rest_route=%2Fwp%2Fv2%2Fmedia&parent=550"}],"wp:term":[{"taxonomy":"category","embeddable":true,"href":"https:\/\/alec36.fr\/index.php?rest_route=%2Fwp%2Fv2%2Fcategories&post=550"},{"taxonomy":"post_tag","embeddable":true,"href":"https:\/\/alec36.fr\/index.php?rest_route=%2Fwp%2Fv2%2Ftags&post=550"}],"curies":[{"name":"wp","href":"https:\/\/api.w.org\/{rel}","templated":true}]}}